{"id":1305,"date":"2018-12-12T23:22:58","date_gmt":"2018-12-12T22:22:58","guid":{"rendered":"https:\/\/ecerfvelee.com\/site\/?p=1305"},"modified":"2018-12-27T08:38:06","modified_gmt":"2018-12-27T07:38:06","slug":"dessins-sur-la-vitrine-ephemere-de-lassociation-bienvenue-dans-latelier","status":"publish","type":"post","link":"https:\/\/ecerfvelee.com\/site\/2018\/12\/12\/dessins-sur-la-vitrine-ephemere-de-lassociation-bienvenue-dans-latelier\/","title":{"rendered":"La vid\u00e9o pour entrer dans l&rsquo;univers de l&rsquo;artiste Sylvie Kr\u00f6mer"},"content":{"rendered":"<p><iframe loading=\"lazy\" title=\"Dessins sur la vitrine \u00e9ph\u00e9m\u00e8re de l&#039;association &quot;Bienvenue dans l&#039;Atelier&quot;\" width=\"525\" height=\"295\" src=\"https:\/\/www.youtube.com\/embed\/gKZZLskPBUk?feature=oembed\" frameborder=\"0\" allow=\"accelerometer; autoplay; clipboard-write; encrypted-media; gyroscope; picture-in-picture; web-share\" referrerpolicy=\"strict-origin-when-cross-origin\" allowfullscreen><\/iframe><\/p>\n<p>L&rsquo;artiste Sylvie Kr\u00f6mer m\u00e9tamorphose une vitrine en un univers onirique pour le temps d&rsquo;une journ\u00e9e gr\u00e2ce \u00e0 l&rsquo;invitation de Marina Zindy, artiste et pr\u00e9sidente de l&rsquo;association \u00ab\u00a0Bienvenue dans l&rsquo;Atelier\u00a0\u00bb.<br \/>\nBoutique de cr\u00e9ateurs, le 19 d\u00e9cembre dans la rue pi\u00e9tonne de Masevaux.<\/p>\n<p>Merci \u00e0 Tanguy Iltis pour cette belle vid\u00e9o !<\/p>\n<blockquote class=\"wp-embedded-content\" data-secret=\"H1tdsdVEag\"><p><a href=\"https:\/\/ecerfvelee.com\/site\/2018\/12\/01\/marche-de-createurs-a-masevaux-le-19-decembre\/\">March\u00e9 de cr\u00e9ateurs \u00e0 Masevaux le 19 d\u00e9cembre<\/a><\/p><\/blockquote>\n<p><iframe loading=\"lazy\" class=\"wp-embedded-content\" sandbox=\"allow-scripts\" security=\"restricted\" style=\"position: absolute; visibility: hidden;\" title=\"\u00ab\u00a0March\u00e9 de cr\u00e9ateurs \u00e0 Masevaux le 19 d\u00e9cembre\u00a0\u00bb &#8212; Marina Zindy\" src=\"https:\/\/ecerfvelee.com\/site\/2018\/12\/01\/marche-de-createurs-a-masevaux-le-19-decembre\/embed\/#?secret=NYrQqom5E1#?secret=H1tdsdVEag\" data-secret=\"H1tdsdVEag\" width=\"525\" height=\"296\" frameborder=\"0\" marginwidth=\"0\" marginheight=\"0\" scrolling=\"no\"><\/iframe><\/p>\n","protected":false},"excerpt":{"rendered":"<p>L&rsquo;artiste Sylvie Kr\u00f6mer m\u00e9tamorphose une vitrine en un univers onirique pour le temps d&rsquo;une journ\u00e9e gr\u00e2ce \u00e0 l&rsquo;invitation de Marina Zindy, artiste et pr\u00e9sidente de l&rsquo;association \u00ab\u00a0Bienvenue dans l&rsquo;Atelier\u00a0\u00bb. Boutique de cr\u00e9ateurs, le 19 d\u00e9cembre dans la rue pi\u00e9tonne de Masevaux. Merci \u00e0 Tanguy Iltis pour cette belle vid\u00e9o ! March\u00e9 de cr\u00e9ateurs \u00e0 Masevaux &hellip; <\/p>\n<p class=\"link-more\"><a href=\"https:\/\/ecerfvelee.com\/site\/2018\/12\/12\/dessins-sur-la-vitrine-ephemere-de-lassociation-bienvenue-dans-latelier\/\" class=\"more-link\">Continuer la lecture<span class=\"screen-reader-text\"> de &laquo;&nbsp;La vid\u00e9o pour entrer dans l&rsquo;univers de l&rsquo;artiste Sylvie Kr\u00f6mer&nbsp;&raquo;<\/span><\/a><\/p>\n","protected":false},"author":1,"featured_media":1264,"comment_status":"closed","ping_status":"closed","sticky":false,"template":"","format":"standard","meta":{"footnotes":""},"categories":[23],"tags":[],"class_list":["post-1305","post","type-post","status-publish","format-standard","has-post-thumbnail","hentry","category-actus"],"aioseo_notices":[],"_links":{"self":[{"href":"https:\/\/ecerfvelee.com\/site\/wp-json\/wp\/v2\/posts\/1305","targetHints":{"allow":["GET"]}}],"collection":[{"href":"https:\/\/ecerfvelee.com\/site\/wp-json\/wp\/v2\/posts"}],"about":[{"href":"https:\/\/ecerfvelee.com\/site\/wp-json\/wp\/v2\/types\/post"}],"author":[{"embeddable":true,"href":"https:\/\/ecerfvelee.com\/site\/wp-json\/wp\/v2\/users\/1"}],"replies":[{"embeddable":true,"href":"https:\/\/ecerfvelee.com\/site\/wp-json\/wp\/v2\/comments?post=1305"}],"version-history":[{"count":3,"href":"https:\/\/ecerfvelee.com\/site\/wp-json\/wp\/v2\/posts\/1305\/revisions"}],"predecessor-version":[{"id":1308,"href":"https:\/\/ecerfvelee.com\/site\/wp-json\/wp\/v2\/posts\/1305\/revisions\/1308"}],"wp:featuredmedia":[{"embeddable":true,"href":"https:\/\/ecerfvelee.com\/site\/wp-json\/wp\/v2\/media\/1264"}],"wp:attachment":[{"href":"https:\/\/ecerfvelee.com\/site\/wp-json\/wp\/v2\/media?parent=1305"}],"wp:term":[{"taxonomy":"category","embeddable":true,"href":"https:\/\/ecerfvelee.com\/site\/wp-json\/wp\/v2\/categories?post=1305"},{"taxonomy":"post_tag","embeddable":true,"href":"https:\/\/ecerfvelee.com\/site\/wp-json\/wp\/v2\/tags?post=1305"}],"curies":[{"name":"wp","href":"https:\/\/api.w.org\/{rel}","templated":true}]}}