{"id":2029,"date":"2019-04-03T04:17:41","date_gmt":"2019-04-03T02:17:41","guid":{"rendered":"https:\/\/ecerfvelee.com\/site\/?p=2029"},"modified":"2019-04-03T04:19:19","modified_gmt":"2019-04-03T02:19:19","slug":"un-tres-bel-article-dans-le-journal-lalsace","status":"publish","type":"post","link":"https:\/\/ecerfvelee.com\/site\/2019\/04\/03\/un-tres-bel-article-dans-le-journal-lalsace\/","title":{"rendered":"Un tr\u00e8s bel article dans le journal L&rsquo;Alsace"},"content":{"rendered":"\n<h2 class=\"wp-block-heading\"><br><em><a href=\"https:\/\/www.lalsace.fr\/haut-rhin\/2019\/03\/22\/une-promenade-sur-le-sentier-de-l-art-le-14-juin\">LAUW SAUVEURS DE M\u00c9MOIRE: une promenade sur le sentier de l\u2019art <\/a><\/em><\/h2>\n\n\n\n<p>La journaliste Isabelle BOLLENE, a r\u00e9dig\u00e9 un article tr\u00e8s complet qui permet d&rsquo;obtenir toutes les informations sur le projet Au Fil de LAUW.<\/p>\n\n\n\n<p>Je vous invite \u00e0 le d\u00e9couvrir. <\/p>\n\n\n\n<p>Merci pour cet article qui permet d&rsquo;informer et de toucher un large public  !<\/p>\n\n\n\n<figure class=\"wp-block-image\"><img loading=\"lazy\" decoding=\"async\" width=\"717\" height=\"1024\" src=\"https:\/\/ecerfvelee.com\/site\/wp-content\/uploads\/2019\/04\/LAlsace-Fil-de-Lauw-717x1024.jpg\" alt=\"\" class=\"wp-image-2024\" srcset=\"https:\/\/ecerfvelee.com\/site\/wp-content\/uploads\/2019\/04\/LAlsace-Fil-de-Lauw-717x1024.jpg 717w, https:\/\/ecerfvelee.com\/site\/wp-content\/uploads\/2019\/04\/LAlsace-Fil-de-Lauw-210x300.jpg 210w, https:\/\/ecerfvelee.com\/site\/wp-content\/uploads\/2019\/04\/LAlsace-Fil-de-Lauw-768x1096.jpg 768w, https:\/\/ecerfvelee.com\/site\/wp-content\/uploads\/2019\/04\/LAlsace-Fil-de-Lauw-350x500.jpg 350w, https:\/\/ecerfvelee.com\/site\/wp-content\/uploads\/2019\/04\/LAlsace-Fil-de-Lauw.jpg 908w\" sizes=\"auto, (max-width: 717px) 100vw, 717px\" \/><\/figure>\n\n\n\n<p>Deux dates \u00e0 retenir:<\/p>\n\n\n\n<h2 class=\"wp-block-heading\"><strong>RDV le 14 juin pour le spectacle <\/strong><\/h2>\n\n\n\n<h2 class=\"wp-block-heading\"><strong>RDV le 15 juin \u00e0 10h30 \u00e0 l&rsquo;Office du Tourisme de Masevaux pour le vernissage de l&rsquo;exposition<\/strong> <em>\u00ab\u00a0qui apportera un \u00e9clairage sur l&rsquo;univers des artistes participants au projet\u00a0\u00bb.<\/em><\/h2>\n\n\n\n<h2 class=\"wp-block-heading\">L&rsquo;exposition est visible du <strong>15 juin au 22 juin<\/strong>.<\/h2>\n\n\n\n<h3 class=\"wp-block-heading\">Exposition de dessins, gravures, photographies et c\u00e9ramiques.<\/h3>\n\n\n\n<h4 class=\"wp-block-heading\">Le week-end, nous proposons des animations pour faire revivre le spectacle au Fil de Lauw : conte, concert et d\u00e9monstration de tournage.<\/h4>\n\n\n\n<p>Planning \u00e0 d\u00e9finir.<\/p>\n\n\n<p><!--EndFragment--><\/p>\n<p><\/p>","protected":false},"excerpt":{"rendered":"<p>LAUW SAUVEURS DE M\u00c9MOIRE: une promenade sur le sentier de l\u2019art La journaliste Isabelle BOLLENE, a r\u00e9dig\u00e9 un article tr\u00e8s complet qui permet d&rsquo;obtenir toutes les informations sur le projet Au Fil de LAUW. Je vous invite \u00e0 le d\u00e9couvrir. Merci pour cet article qui permet d&rsquo;informer et de toucher un large public ! Deux &hellip; <\/p>\n<p class=\"link-more\"><a href=\"https:\/\/ecerfvelee.com\/site\/2019\/04\/03\/un-tres-bel-article-dans-le-journal-lalsace\/\" class=\"more-link\">Continuer la lecture<span class=\"screen-reader-text\"> de &laquo;&nbsp;Un tr\u00e8s bel article dans le journal L&rsquo;Alsace&nbsp;&raquo;<\/span><\/a><\/p>\n","protected":false},"author":1,"featured_media":2030,"comment_status":"closed","ping_status":"closed","sticky":false,"template":"","format":"standard","meta":{"footnotes":""},"categories":[23],"tags":[24,49,55,42,51,56],"class_list":["post-2029","post","type-post","status-publish","format-standard","has-post-thumbnail","hentry","category-actus","tag-art","tag-foret","tag-memoire","tag-nature","tag-patrimoine","tag-spectacle"],"aioseo_notices":[],"_links":{"self":[{"href":"https:\/\/ecerfvelee.com\/site\/wp-json\/wp\/v2\/posts\/2029","targetHints":{"allow":["GET"]}}],"collection":[{"href":"https:\/\/ecerfvelee.com\/site\/wp-json\/wp\/v2\/posts"}],"about":[{"href":"https:\/\/ecerfvelee.com\/site\/wp-json\/wp\/v2\/types\/post"}],"author":[{"embeddable":true,"href":"https:\/\/ecerfvelee.com\/site\/wp-json\/wp\/v2\/users\/1"}],"replies":[{"embeddable":true,"href":"https:\/\/ecerfvelee.com\/site\/wp-json\/wp\/v2\/comments?post=2029"}],"version-history":[{"count":3,"href":"https:\/\/ecerfvelee.com\/site\/wp-json\/wp\/v2\/posts\/2029\/revisions"}],"predecessor-version":[{"id":2033,"href":"https:\/\/ecerfvelee.com\/site\/wp-json\/wp\/v2\/posts\/2029\/revisions\/2033"}],"wp:featuredmedia":[{"embeddable":true,"href":"https:\/\/ecerfvelee.com\/site\/wp-json\/wp\/v2\/media\/2030"}],"wp:attachment":[{"href":"https:\/\/ecerfvelee.com\/site\/wp-json\/wp\/v2\/media?parent=2029"}],"wp:term":[{"taxonomy":"category","embeddable":true,"href":"https:\/\/ecerfvelee.com\/site\/wp-json\/wp\/v2\/categories?post=2029"},{"taxonomy":"post_tag","embeddable":true,"href":"https:\/\/ecerfvelee.com\/site\/wp-json\/wp\/v2\/tags?post=2029"}],"curies":[{"name":"wp","href":"https:\/\/api.w.org\/{rel}","templated":true}]}}