{"id":2305,"date":"2018-12-01T00:29:17","date_gmt":"2018-11-30T23:29:17","guid":{"rendered":"https:\/\/ecerfvelee.com\/site\/?p=2305"},"modified":"2019-07-11T00:39:27","modified_gmt":"2019-07-10T22:39:27","slug":"noel-bleu-linstitut-europeen-de-la-ceramique-au-musee-deck","status":"publish","type":"post","link":"https:\/\/ecerfvelee.com\/site\/2018\/12\/01\/noel-bleu-linstitut-europeen-de-la-ceramique-au-musee-deck\/","title":{"rendered":"NO\u00cbL BLEU : L\u2019INSTITUT EUROP\u00c9EN DE LA C\u00c9RAMIQUE AU MUS\u00c9E DECK"},"content":{"rendered":"\n<p> L\u2019exposition-vente \u00ab&nbsp;Tout un monde dans une coupe\u00bb est propos\u00e9e par l\u2019association de c\u00e9ramistes \u201cProchain Arr\u00eat la Terre\u201d (PALT) en partenariat avec l\u2019Institut Europ\u00e9en des Arts C\u00e9ramiques (IEAC). <\/p>\n\n\n\n<p>J&rsquo;ai l&rsquo;honneur d&rsquo;exposer dans ce lieu d&rsquo;exception.<\/p>\n\n\n\n<p>Venez d\u00e9couvrir mes cr\u00e9ations ainsi que celles des autres c\u00e9ramistes alsaciens.<\/p>\n\n\n\n<figure class=\"wp-block-image\"><img loading=\"lazy\" decoding=\"async\" width=\"731\" height=\"1024\" src=\"https:\/\/ecerfvelee.com\/site\/wp-content\/uploads\/2019\/07\/blanche-731x1024.jpg\" alt=\"\" class=\"wp-image-2307\" srcset=\"https:\/\/ecerfvelee.com\/site\/wp-content\/uploads\/2019\/07\/blanche-731x1024.jpg 731w, https:\/\/ecerfvelee.com\/site\/wp-content\/uploads\/2019\/07\/blanche-214x300.jpg 214w, https:\/\/ecerfvelee.com\/site\/wp-content\/uploads\/2019\/07\/blanche-768x1075.jpg 768w, https:\/\/ecerfvelee.com\/site\/wp-content\/uploads\/2019\/07\/blanche-350x490.jpg 350w, https:\/\/ecerfvelee.com\/site\/wp-content\/uploads\/2019\/07\/blanche.jpg 810w\" sizes=\"auto, (max-width: 731px) 100vw, 731px\" \/><\/figure>\n\n\n\n<figure class=\"wp-block-image\"><img loading=\"lazy\" decoding=\"async\" width=\"731\" height=\"1024\" src=\"https:\/\/ecerfvelee.com\/site\/wp-content\/uploads\/2019\/07\/blanche2-731x1024.jpg\" alt=\"\" class=\"wp-image-2308\" srcset=\"https:\/\/ecerfvelee.com\/site\/wp-content\/uploads\/2019\/07\/blanche2-731x1024.jpg 731w, https:\/\/ecerfvelee.com\/site\/wp-content\/uploads\/2019\/07\/blanche2-214x300.jpg 214w, https:\/\/ecerfvelee.com\/site\/wp-content\/uploads\/2019\/07\/blanche2-768x1075.jpg 768w, https:\/\/ecerfvelee.com\/site\/wp-content\/uploads\/2019\/07\/blanche2-350x490.jpg 350w, https:\/\/ecerfvelee.com\/site\/wp-content\/uploads\/2019\/07\/blanche2.jpg 810w\" sizes=\"auto, (max-width: 731px) 100vw, 731px\" \/><\/figure>\n","protected":false},"excerpt":{"rendered":"<p>L\u2019exposition-vente \u00ab&nbsp;Tout un monde dans une coupe\u00bb est propos\u00e9e par l\u2019association de c\u00e9ramistes \u201cProchain Arr\u00eat la Terre\u201d (PALT) en partenariat avec l\u2019Institut Europ\u00e9en des Arts C\u00e9ramiques (IEAC). J&rsquo;ai l&rsquo;honneur d&rsquo;exposer dans ce lieu d&rsquo;exception. Venez d\u00e9couvrir mes cr\u00e9ations ainsi que celles des autres c\u00e9ramistes alsaciens.<\/p>\n","protected":false},"author":1,"featured_media":2306,"comment_status":"closed","ping_status":"closed","sticky":false,"template":"","format":"standard","meta":{"footnotes":""},"categories":[33],"tags":[24,44,63,64,28],"class_list":["post-2305","post","type-post","status-publish","format-standard","has-post-thumbnail","hentry","category-news","tag-art","tag-ceramique","tag-guebwiller","tag-musee","tag-noel"],"aioseo_notices":[],"_links":{"self":[{"href":"https:\/\/ecerfvelee.com\/site\/wp-json\/wp\/v2\/posts\/2305","targetHints":{"allow":["GET"]}}],"collection":[{"href":"https:\/\/ecerfvelee.com\/site\/wp-json\/wp\/v2\/posts"}],"about":[{"href":"https:\/\/ecerfvelee.com\/site\/wp-json\/wp\/v2\/types\/post"}],"author":[{"embeddable":true,"href":"https:\/\/ecerfvelee.com\/site\/wp-json\/wp\/v2\/users\/1"}],"replies":[{"embeddable":true,"href":"https:\/\/ecerfvelee.com\/site\/wp-json\/wp\/v2\/comments?post=2305"}],"version-history":[{"count":2,"href":"https:\/\/ecerfvelee.com\/site\/wp-json\/wp\/v2\/posts\/2305\/revisions"}],"predecessor-version":[{"id":2310,"href":"https:\/\/ecerfvelee.com\/site\/wp-json\/wp\/v2\/posts\/2305\/revisions\/2310"}],"wp:featuredmedia":[{"embeddable":true,"href":"https:\/\/ecerfvelee.com\/site\/wp-json\/wp\/v2\/media\/2306"}],"wp:attachment":[{"href":"https:\/\/ecerfvelee.com\/site\/wp-json\/wp\/v2\/media?parent=2305"}],"wp:term":[{"taxonomy":"category","embeddable":true,"href":"https:\/\/ecerfvelee.com\/site\/wp-json\/wp\/v2\/categories?post=2305"},{"taxonomy":"post_tag","embeddable":true,"href":"https:\/\/ecerfvelee.com\/site\/wp-json\/wp\/v2\/tags?post=2305"}],"curies":[{"name":"wp","href":"https:\/\/api.w.org\/{rel}","templated":true}]}}