{"id":2528,"date":"2019-11-23T15:07:26","date_gmt":"2019-11-23T14:07:26","guid":{"rendered":"https:\/\/ecerfvelee.com\/site\/?p=2528"},"modified":"2019-12-18T00:26:10","modified_gmt":"2019-12-17T23:26:10","slug":"boutique-ephemere","status":"publish","type":"post","link":"https:\/\/ecerfvelee.com\/site\/2019\/11\/23\/boutique-ephemere\/","title":{"rendered":"BOUTIQUE \u00c9PH\u00c9M\u00c8RE"},"content":{"rendered":"\n<p> Boutique \u00e9ph\u00e9m\u00e8re \u00e0 Masevaux.<br>2\u00b0 \u00e9dition de notre march\u00e9 de cr\u00e9ateurs organis\u00e9 par l&rsquo;association BIENVENUE DANS L&rsquo;ATELIER<\/p>\n\n\n\n<p>Retrouvez les photos de cette belle journ\u00e9e <strong><a href=\"https:\/\/www.facebook.com\/pg\/assoBienvenuedanslatelier\/photos\/?tab=album&amp;album_id=1535010656650825\">ICI <\/a><\/strong>!<\/p>\n\n\n\n<p>VENTES de<br>C\u00e9ramiques: <\/p>\n\n\n\n<p><a href=\"http:\/\/www.arts-ceramiques.org\/exposition-eleves-formation-professionnelle-ceramique-2017-eleonore-descazals.html \">El\u00e9onore Descazals&nbsp;  <\/a><br><a href=\"https:\/\/chantaltoussaint.wixsite.com\/chan  \">Chantal Toussaint&nbsp;<\/a><br><a rel=\"noreferrer noopener\" target=\"_blank\" href=\"https:\/\/www.facebook.com\/FaienceriedelaDoller\/\">Fa\u00efencerie de la Doller<\/a><br><a rel=\"noreferrer noopener\" target=\"_blank\" href=\"https:\/\/www.facebook.com\/porcelainenvol\/\">Envol cr\u00e9ation contemporaine<\/a><br>Marina Zindy <a rel=\"noreferrer noopener\" target=\"_blank\" href=\"https:\/\/www.facebook.com\/zindymarina\/\">L&rsquo;Ecerfvel\u00e9e<\/a><\/p>\n\n\n\n<p><\/p>\n\n\n\n<p>Bijoux:<br><a href=\"https:\/\/cannelleonline.tumblr.com\/\">Cannelle Preira<\/a><\/p>\n\n\n\n<p> <a href=\"https:\/\/fruitconfit.blogspot.com\/2016\/04\/les-dames-mordorees.html\">Cl\u00e9mentine Martinez&nbsp; <\/a><\/p>\n\n\n\n<p>Tisanes naturelles: <br><a target=\"_blank\" href=\"https:\/\/www.facebook.com\/famillekachelhoffer\/\" rel=\"noreferrer noopener\">Ferme Auberge du Grand Langenberg<\/a><\/p>\n\n\n\n<h2 class=\"wp-block-heading\">Petits concerts de harpe tout au long de l&rsquo;apr\u00e8s-midi :<br><a rel=\"noreferrer noopener\" target=\"_blank\" href=\"https:\/\/www.facebook.com\/sophie.mosser.92\">Sophie Mosser<\/a><\/h2>\n\n\n\n<div class=\"wp-block-image\"><figure class=\"aligncenter is-resized\"><img loading=\"lazy\" decoding=\"async\" src=\"https:\/\/ecerfvelee.com\/site\/wp-content\/uploads\/2019\/12\/78412897_1523608134457744_617682199142989824_o.jpg\" alt=\"\" class=\"wp-image-2609\" width=\"287\" height=\"402\" srcset=\"https:\/\/ecerfvelee.com\/site\/wp-content\/uploads\/2019\/12\/78412897_1523608134457744_617682199142989824_o.jpg 684w, https:\/\/ecerfvelee.com\/site\/wp-content\/uploads\/2019\/12\/78412897_1523608134457744_617682199142989824_o-214x300.jpg 214w, https:\/\/ecerfvelee.com\/site\/wp-content\/uploads\/2019\/12\/78412897_1523608134457744_617682199142989824_o-350x491.jpg 350w\" sizes=\"auto, (max-width: 287px) 100vw, 287px\" \/><\/figure><\/div>\n\n\n\n<h2 class=\"wp-block-heading\"><strong> Ateliers :<\/strong><\/h2>\n\n\n\n<p><strong>16h:<\/strong> Go\u00fbter\/lectures pour les enfants avec D\u00e9borah<br><strong>16h30 <\/strong>: D\u00e9monstration et atelier cuir. <strong>R\u00e9alisez vous-m\u00eame votre porte-cl\u00e9 en cuir ! <\/strong>Choisissez&nbsp; votre empreintes (castor, loup, ours, dragon..) et teintez-la ! <\/p>\n\n\n\n<div class=\"wp-block-image\"><figure class=\"aligncenter is-resized\"><img loading=\"lazy\" decoding=\"async\" src=\"https:\/\/ecerfvelee.com\/site\/wp-content\/uploads\/2019\/11\/78904496_1523608181124406_5256625329866276864_o.jpg\" alt=\"\" class=\"wp-image-2610\" width=\"417\" height=\"625\" srcset=\"https:\/\/ecerfvelee.com\/site\/wp-content\/uploads\/2019\/11\/78904496_1523608181124406_5256625329866276864_o.jpg 640w, https:\/\/ecerfvelee.com\/site\/wp-content\/uploads\/2019\/11\/78904496_1523608181124406_5256625329866276864_o-200x300.jpg 200w, https:\/\/ecerfvelee.com\/site\/wp-content\/uploads\/2019\/11\/78904496_1523608181124406_5256625329866276864_o-350x524.jpg 350w\" sizes=\"auto, (max-width: 417px) 100vw, 417px\" \/><\/figure><\/div>\n\n\n\n<p><strong>Toute l\u2019apr\u00e8s-mid<\/strong>i: Soutenez notre projet de bouturage de corail en \u00e9crivant un message ou votre pr\u00e9nom, sur une bouteille en c\u00e9ramique qui ira sous l&rsquo;eau cet \u00e9t\u00e9, avec Marina ZINDY.<\/p>\n\n\n\n<p><a rel=\"noreferrer noopener\" href=\"https:\/\/ecerfvelee.com\/site\/une-bouteille-a-la-mer\/\" target=\"_blank\">https:\/\/ecerfvelee.com\/site\/une-bouteille-a-la-mer\/<\/a><\/p>\n\n\n\n<div class=\"wp-block-image\"><figure class=\"aligncenter is-resized\"><img loading=\"lazy\" decoding=\"async\" src=\"https:\/\/ecerfvelee.com\/site\/wp-content\/uploads\/2019\/11\/03-704x1024.jpg\" alt=\"\" class=\"wp-image-2584\" width=\"264\" height=\"383\" srcset=\"https:\/\/ecerfvelee.com\/site\/wp-content\/uploads\/2019\/11\/03-704x1024.jpg 704w, https:\/\/ecerfvelee.com\/site\/wp-content\/uploads\/2019\/11\/03-206x300.jpg 206w, https:\/\/ecerfvelee.com\/site\/wp-content\/uploads\/2019\/11\/03-768x1117.jpg 768w, https:\/\/ecerfvelee.com\/site\/wp-content\/uploads\/2019\/11\/03-1320x1920.jpg 1320w, https:\/\/ecerfvelee.com\/site\/wp-content\/uploads\/2019\/11\/03-350x509.jpg 350w, https:\/\/ecerfvelee.com\/site\/wp-content\/uploads\/2019\/11\/03.jpg 1547w\" sizes=\"auto, (max-width: 264px) 100vw, 264px\" \/><figcaption>Sylvie KROMER<\/figcaption><\/figure><\/div>\n\n\n\n<p>EXPOSITION<br>D\u00e9couvrez les magnifiques dessins originaux des artistes engag\u00e9s dans le projet \u00ab\u00a0Une Bouteille \u00e0 la Mer\u00a0\u00bb sur le site:<br><a rel=\"noreferrer noopener\" href=\"https:\/\/l.facebook.com\/l.php?u=https%3A%2F%2Fecerfvelee.com%2Fsite%2Fune-bouteille-a-la-mer%2F%3Ffbclid%3DIwAR0wQ2IVG1nN-bc-CHWM22TXZPkZlWcnJqhFUGjpehJV1eT9Db_ZzsY13W8&amp;h=AT0eduS0agHq3A6UDokgprnssVceGaIXyd_SWM_SFuCq77uVh2mdSJUpPLplztHtkyICJxwevzz-at2Bf0T2DT4afwF4ma6xoVYa3OOUNEHOOqpuYwxmt0QzHQHoKOSGPA\" target=\"_blank\">https:\/\/ecerfvelee.com\/site\/une-bouteille-a-la-mer\/<\/a><\/p>\n\n\n\n<p><br>les artistes :<\/p>\n\n\n\n<p>Sylvie KROMER&nbsp;<a rel=\"noreferrer noopener\" href=\"https:\/\/coquelicosylvie.wixsite.com\/illusylviekromer\" target=\"_blank\">https:\/\/coquelicosylvie.wixsite.com\/illusylviekromer<\/a><\/p>\n\n\n\n<p>Fanny DELQUE&nbsp;<a rel=\"noreferrer noopener\" href=\"http:\/\/www.fannydelque.com\/\" target=\"_blank\">http:\/\/www.fannydelque.com\/<\/a><\/p>\n\n\n\n<p>Jeanne GROSBOILLOT&nbsp;<a rel=\"noreferrer noopener\" href=\"https:\/\/jeanne-grosboillot.fr\/\" target=\"_blank\">https:\/\/jeanne-grosboillot.fr\/<\/a><\/p>\n\n\n\n<p>Cl\u00e9mentine MARTINEZ&nbsp;<a rel=\"noreferrer noopener\" href=\"https:\/\/fruitconfit.blogspot.com\/\" target=\"_blank\">https:\/\/fruitconfit.blogspot.com\/<\/a><\/p>\n\n\n\n<p>Marie-Pierre HAUWELLE&nbsp;<em><a rel=\"noreferrer noopener\" href=\"http:\/\/mip-qim.blogspot.com\/\" target=\"_blank\">http:\/\/mip-qim.blogspot.com<\/a><\/em><\/p>\n\n\n\n<p>Delphine GUTRON&nbsp;<a rel=\"noreferrer noopener\" href=\"https:\/\/www.lesechoir.fr\/delphinegutron\" target=\"_blank\">https:\/\/www.lesechoir.fr\/delphinegutron<\/a><\/p>\n\n\n\n<p>Sandrine STAHL&nbsp;<a rel=\"noreferrer noopener\" href=\"https:\/\/elle-fait-des-ronds.tumblr.com\/\" target=\"_blank\">https:\/\/elle-fait-des-ronds.tumblr.com\/<\/a><\/p>\n\n\n\n<p>Marina ZINDY&nbsp;<a rel=\"noreferrer noopener\" href=\"http:\/\/ecerfvelee.com\/site\/projects\/\" target=\"_blank\">http:\/\/ecerfvelee.com\/site\/projects\/<\/a><\/p>\n\n\n\n<h4 class=\"wp-block-heading\"><br>Soutenez l&rsquo;association ! Venez \u00e0 Masevaux le mercredi 11 d\u00e9cembre de 14h \u00e0 19h30 : id\u00e9es cadeaux originaux et uniques, vente de magnifiques calendriers, vin chaud et g\u00e2teaux fantaisies, dans une ambiance chaleureuse en musique !<\/h4>\n\n\n\n<p>Les autres \u00e9v\u00e9nements qui permettent de financer le projet \u00ab\u00a0Une bouteille \u00e0 la Mer\u00a0\u00bb:<br>Rejoignez-nous samedi 14\/12 \u00e0 Mulhouse \u00e0 la maisonnette du March\u00e9 de 9h \u00e0 12h<a href=\"https:\/\/mulhousecestvous.fr\/pages\/la-maisonnette-mulhouse-cest-vous\" target=\"_blank\" rel=\"noreferrer noopener\">https:\/\/mulhousecestvous.fr\/pages\/la-maisonnette-mulhouse-cest-vous<\/a><\/p>\n\n\n\n<p>Exposition c\u00e9ramique \u00e0 la Laiterie LACHAPELLE \u00e0 PARIS (plateaux de fromage )<a href=\"https:\/\/laiterielachapelle.com\/\" target=\"_blank\" rel=\"noreferrer noopener\">https:\/\/laiterielachapelle.com\/<\/a><br>et un financement participatif se pr\u00e9pare pour avril 2020:<a href=\"https:\/\/fr.ulule.com\/une-bouteille-a-la-mer\/coming-soon\/\" target=\"_blank\" rel=\"noreferrer noopener\">https:\/\/fr.ulule.com\/une-bouteille-a-la-mer\/coming-soon\/<\/a><\/p>\n","protected":false},"excerpt":{"rendered":"<p>Boutique \u00e9ph\u00e9m\u00e8re \u00e0 Masevaux.2\u00b0 \u00e9dition de notre march\u00e9 de cr\u00e9ateurs organis\u00e9 par l&rsquo;association BIENVENUE DANS L&rsquo;ATELIER Retrouvez les photos de cette belle journ\u00e9e ICI ! VENTES deC\u00e9ramiques: El\u00e9onore Descazals&nbsp; Chantal Toussaint&nbsp;Fa\u00efencerie de la DollerEnvol cr\u00e9ation contemporaineMarina Zindy L&rsquo;Ecerfvel\u00e9e Bijoux:Cannelle Preira Cl\u00e9mentine Martinez&nbsp; Tisanes naturelles: Ferme Auberge du Grand Langenberg Petits concerts de harpe tout au &hellip; <\/p>\n<p class=\"link-more\"><a href=\"https:\/\/ecerfvelee.com\/site\/2019\/11\/23\/boutique-ephemere\/\" class=\"more-link\">Continuer la lecture<span class=\"screen-reader-text\"> de &laquo;&nbsp;BOUTIQUE \u00c9PH\u00c9M\u00c8RE&nbsp;&raquo;<\/span><\/a><\/p>\n","protected":false},"author":1,"featured_media":2529,"comment_status":"closed","ping_status":"closed","sticky":false,"template":"","format":"standard","meta":{"footnotes":""},"categories":[23],"tags":[],"class_list":["post-2528","post","type-post","status-publish","format-standard","has-post-thumbnail","hentry","category-actus"],"aioseo_notices":[],"_links":{"self":[{"href":"https:\/\/ecerfvelee.com\/site\/wp-json\/wp\/v2\/posts\/2528","targetHints":{"allow":["GET"]}}],"collection":[{"href":"https:\/\/ecerfvelee.com\/site\/wp-json\/wp\/v2\/posts"}],"about":[{"href":"https:\/\/ecerfvelee.com\/site\/wp-json\/wp\/v2\/types\/post"}],"author":[{"embeddable":true,"href":"https:\/\/ecerfvelee.com\/site\/wp-json\/wp\/v2\/users\/1"}],"replies":[{"embeddable":true,"href":"https:\/\/ecerfvelee.com\/site\/wp-json\/wp\/v2\/comments?post=2528"}],"version-history":[{"count":8,"href":"https:\/\/ecerfvelee.com\/site\/wp-json\/wp\/v2\/posts\/2528\/revisions"}],"predecessor-version":[{"id":2637,"href":"https:\/\/ecerfvelee.com\/site\/wp-json\/wp\/v2\/posts\/2528\/revisions\/2637"}],"wp:featuredmedia":[{"embeddable":true,"href":"https:\/\/ecerfvelee.com\/site\/wp-json\/wp\/v2\/media\/2529"}],"wp:attachment":[{"href":"https:\/\/ecerfvelee.com\/site\/wp-json\/wp\/v2\/media?parent=2528"}],"wp:term":[{"taxonomy":"category","embeddable":true,"href":"https:\/\/ecerfvelee.com\/site\/wp-json\/wp\/v2\/categories?post=2528"},{"taxonomy":"post_tag","embeddable":true,"href":"https:\/\/ecerfvelee.com\/site\/wp-json\/wp\/v2\/tags?post=2528"}],"curies":[{"name":"wp","href":"https:\/\/api.w.org\/{rel}","templated":true}]}}