{"id":934,"date":"2018-11-04T15:56:46","date_gmt":"2018-11-04T14:56:46","guid":{"rendered":"https:\/\/ecerfvelee.com\/site\/?p=934"},"modified":"2019-08-04T08:01:54","modified_gmt":"2019-08-04T06:01:54","slug":"creation-de-lassociation-bienvenue-dans-latelier","status":"publish","type":"post","link":"https:\/\/ecerfvelee.com\/site\/2018\/11\/04\/creation-de-lassociation-bienvenue-dans-latelier\/","title":{"rendered":"Cr\u00e9ation de l&rsquo;Association \u00ab\u00a0Bienvenue dans l&rsquo;Atelier\u00a0\u00bb"},"content":{"rendered":"<p>Une soir\u00e9e particuli\u00e8re ce premier novembre 2018 :<\/p>\n<p>c&rsquo;est la cr\u00e9ation de l&rsquo;Association \u00ab\u00a0Bienvenue dans l&rsquo;Atelier\u00a0\u00bb ! <img loading=\"lazy\" decoding=\"async\" class=\"size-medium wp-image-936 aligncenter\" src=\"https:\/\/ecerfvelee.com\/site\/wp-content\/uploads\/2018\/11\/1-200x300.jpg\" alt=\"\" width=\"200\" height=\"300\" srcset=\"https:\/\/ecerfvelee.com\/site\/wp-content\/uploads\/2018\/11\/1-200x300.jpg 200w, https:\/\/ecerfvelee.com\/site\/wp-content\/uploads\/2018\/11\/1-350x525.jpg 350w, https:\/\/ecerfvelee.com\/site\/wp-content\/uploads\/2018\/11\/1.jpg 630w\" sizes=\"auto, (max-width: 200px) 100vw, 200px\" \/><\/p>\n<p><img loading=\"lazy\" decoding=\"async\" class=\"size-medium wp-image-937 aligncenter\" src=\"https:\/\/ecerfvelee.com\/site\/wp-content\/uploads\/2018\/11\/3-300x200.jpg\" alt=\"\" width=\"300\" height=\"200\" srcset=\"https:\/\/ecerfvelee.com\/site\/wp-content\/uploads\/2018\/11\/3-300x200.jpg 300w, https:\/\/ecerfvelee.com\/site\/wp-content\/uploads\/2018\/11\/3-350x233.jpg 350w, https:\/\/ecerfvelee.com\/site\/wp-content\/uploads\/2018\/11\/3-768x512.jpg 768w, https:\/\/ecerfvelee.com\/site\/wp-content\/uploads\/2018\/11\/3.jpg 945w\" sizes=\"auto, (max-width: 300px) 100vw, 300px\" \/><\/p>\n<h3>\u00ab\u00a0Bienvenue dans l&rsquo;Atelier\u00a0\u00bb : cr\u00e9ation d&rsquo;\u00e9v\u00e9nements culturels et festifs<\/h3>\n<div>Un Concept store dans un g\u00eete en montagne, un spectacle dans la for\u00eat ou une exposition sous-marine : la culture pour tous dans des lieux insolites !<\/div>\n<div><\/div>\n<div>Des r\u00eaves et bient\u00f4t la r\u00e9alit\u00e9, gr\u00e2ce \u00e0 une \u00e9quipe efficace et dynamique !<img loading=\"lazy\" decoding=\"async\" class=\"aligncenter wp-image-935 size-full\" src=\"https:\/\/ecerfvelee.com\/site\/wp-content\/uploads\/2018\/11\/bienvenue-dans-latelier-blc-site.jpg\" alt=\"\" width=\"945\" height=\"630\" srcset=\"https:\/\/ecerfvelee.com\/site\/wp-content\/uploads\/2018\/11\/bienvenue-dans-latelier-blc-site.jpg 945w, https:\/\/ecerfvelee.com\/site\/wp-content\/uploads\/2018\/11\/bienvenue-dans-latelier-blc-site-350x233.jpg 350w, https:\/\/ecerfvelee.com\/site\/wp-content\/uploads\/2018\/11\/bienvenue-dans-latelier-blc-site-300x200.jpg 300w, https:\/\/ecerfvelee.com\/site\/wp-content\/uploads\/2018\/11\/bienvenue-dans-latelier-blc-site-768x512.jpg 768w\" sizes=\"auto, (max-width: 767px) 89vw, (max-width: 1000px) 54vw, (max-width: 1071px) 543px, 580px\" \/><\/div>\n<div><\/div>\n<div><\/div>\n<div>\n<p>D\u00e9couvrez le\u00a0<a href=\"https:\/\/ecerfvelee.com\/site\/2018\/12\/01\/marche-de-createurs-a-masevaux-le-19-decembre\/\">premier projet en cours d\u2019\u00e9laboration !<\/a><\/p>\n<p>Rejoignez-nous sur <a href=\"https:\/\/www.facebook.com\/pg\/Bienvenue-dans-lAtelier-1215209558630938\/community\/?ref=page_internal\">Facebook<\/a> !<\/p>\n<p align=\"LEFT\">Les associations dont le si\u00e8ge se situe en Alsace-Moselle ne sont pas soumises \u00e0 la fameuse \u00ab loi 1901 \u00bb mais \u00e0 des dispositions particuli\u00e8res, h\u00e9ritage de l\u2019annexion de ces r\u00e9gions par l\u2019Empire allemand entre 1870 et 1918.<\/p>\n<p>Pour tous ceux qui voudraient des conseils pratiques, des outils d&rsquo;aide \u00e0 la r\u00e9daction des statuts, les coordonn\u00e9es des Tribunaux d&rsquo;Instances et les journaux habilit\u00e9s, voici le lien du site <a href=\"https:\/\/www.alsacemouvementassociatif.org\/index.php\/guides-pratiques\/54-guides-elabores-par-alsace-mouvement-associatif\/255-creer-une-association-en-alsace-moselle-2018\">Alsace Mouvement Associatif<\/a>.<\/p>\n<p>Ce <a href=\"file:\/\/\/C:\/Users\/tran\/Downloads\/Crer%2018%2006%202018.pdf\">document<\/a> nous a particuli\u00e8rement aid\u00e9.<\/p>\n<\/div>\n","protected":false},"excerpt":{"rendered":"<p>Une soir\u00e9e particuli\u00e8re ce premier novembre 2018 : c&rsquo;est la cr\u00e9ation de l&rsquo;Association \u00ab\u00a0Bienvenue dans l&rsquo;Atelier\u00a0\u00bb ! \u00ab\u00a0Bienvenue dans l&rsquo;Atelier\u00a0\u00bb : cr\u00e9ation d&rsquo;\u00e9v\u00e9nements culturels et festifs Un Concept store dans un g\u00eete en montagne, un spectacle dans la for\u00eat ou une exposition sous-marine : la culture pour tous dans des lieux insolites ! Des r\u00eaves &hellip; <\/p>\n<p class=\"link-more\"><a href=\"https:\/\/ecerfvelee.com\/site\/2018\/11\/04\/creation-de-lassociation-bienvenue-dans-latelier\/\" class=\"more-link\">Continuer la lecture<span class=\"screen-reader-text\"> de &laquo;&nbsp;Cr\u00e9ation de l&rsquo;Association \u00ab\u00a0Bienvenue dans l&rsquo;Atelier\u00a0\u00bb&nbsp;&raquo;<\/span><\/a><\/p>\n","protected":false},"author":1,"featured_media":1210,"comment_status":"closed","ping_status":"closed","sticky":false,"template":"","format":"standard","meta":{"footnotes":""},"categories":[23],"tags":[],"class_list":["post-934","post","type-post","status-publish","format-standard","has-post-thumbnail","hentry","category-actus"],"aioseo_notices":[],"_links":{"self":[{"href":"https:\/\/ecerfvelee.com\/site\/wp-json\/wp\/v2\/posts\/934","targetHints":{"allow":["GET"]}}],"collection":[{"href":"https:\/\/ecerfvelee.com\/site\/wp-json\/wp\/v2\/posts"}],"about":[{"href":"https:\/\/ecerfvelee.com\/site\/wp-json\/wp\/v2\/types\/post"}],"author":[{"embeddable":true,"href":"https:\/\/ecerfvelee.com\/site\/wp-json\/wp\/v2\/users\/1"}],"replies":[{"embeddable":true,"href":"https:\/\/ecerfvelee.com\/site\/wp-json\/wp\/v2\/comments?post=934"}],"version-history":[{"count":13,"href":"https:\/\/ecerfvelee.com\/site\/wp-json\/wp\/v2\/posts\/934\/revisions"}],"predecessor-version":[{"id":2370,"href":"https:\/\/ecerfvelee.com\/site\/wp-json\/wp\/v2\/posts\/934\/revisions\/2370"}],"wp:featuredmedia":[{"embeddable":true,"href":"https:\/\/ecerfvelee.com\/site\/wp-json\/wp\/v2\/media\/1210"}],"wp:attachment":[{"href":"https:\/\/ecerfvelee.com\/site\/wp-json\/wp\/v2\/media?parent=934"}],"wp:term":[{"taxonomy":"category","embeddable":true,"href":"https:\/\/ecerfvelee.com\/site\/wp-json\/wp\/v2\/categories?post=934"},{"taxonomy":"post_tag","embeddable":true,"href":"https:\/\/ecerfvelee.com\/site\/wp-json\/wp\/v2\/tags?post=934"}],"curies":[{"name":"wp","href":"https:\/\/api.w.org\/{rel}","templated":true}]}}