{"id":971,"date":"2018-11-11T23:25:27","date_gmt":"2018-11-11T22:25:27","guid":{"rendered":"https:\/\/ecerfvelee.com\/site\/?p=971"},"modified":"2018-12-27T08:26:25","modified_gmt":"2018-12-27T07:26:25","slug":"une-boutique-ephemere-a-masevaux","status":"publish","type":"post","link":"https:\/\/ecerfvelee.com\/site\/2018\/11\/11\/une-boutique-ephemere-a-masevaux\/","title":{"rendered":"Une boutique \u00e9ph\u00e9m\u00e8re \u00e0 Masevaux"},"content":{"rendered":"<p>Premier projet de <a href=\"https:\/\/ecerfvelee.com\/site\/bienvenue-dans-latelier\/\">l&rsquo;association<\/a>, en cours de r\u00e9alisation : cr\u00e9er une boutique \u00e9ph\u00e9m\u00e8re \u00e0 Masevaux.<\/p>\n<figure id=\"attachment_1094\" aria-describedby=\"caption-attachment-1094\" style=\"width: 1134px\" class=\"wp-caption aligncenter\"><img loading=\"lazy\" decoding=\"async\" class=\"wp-image-1094 size-full\" src=\"https:\/\/ecerfvelee.com\/site\/wp-content\/uploads\/2018\/11\/boutique-de-cr\u00e9ateurs-net.jpg\" alt=\"\" width=\"1134\" height=\"850\" srcset=\"https:\/\/ecerfvelee.com\/site\/wp-content\/uploads\/2018\/11\/boutique-de-cr\u00e9ateurs-net.jpg 1134w, https:\/\/ecerfvelee.com\/site\/wp-content\/uploads\/2018\/11\/boutique-de-cr\u00e9ateurs-net-350x262.jpg 350w, https:\/\/ecerfvelee.com\/site\/wp-content\/uploads\/2018\/11\/boutique-de-cr\u00e9ateurs-net-300x225.jpg 300w, https:\/\/ecerfvelee.com\/site\/wp-content\/uploads\/2018\/11\/boutique-de-cr\u00e9ateurs-net-768x576.jpg 768w, https:\/\/ecerfvelee.com\/site\/wp-content\/uploads\/2018\/11\/boutique-de-cr\u00e9ateurs-net-1024x768.jpg 1024w\" sizes=\"auto, (max-width: 767px) 89vw, (max-width: 1000px) 54vw, (max-width: 1071px) 543px, 580px\" \/><figcaption id=\"caption-attachment-1094\" class=\"wp-caption-text\">Une boutique \u00e9ph\u00e9m\u00e8re au coeur de Masevaux.<\/figcaption><\/figure>\n<p>Il faut trouver un bel endroit \u00e0 investir le temps d&rsquo;une journ\u00e9e : cette ancienne boutique de fleurs ?<\/p>\n<p>Elle se situe en plein c\u0153ur de Mas<span style=\"font-size: 1rem;\">evaux, dans la rue pi\u00e9tonne.<\/span><\/p>\n<figure id=\"attachment_1018\" aria-describedby=\"caption-attachment-1018\" style=\"width: 525px\" class=\"wp-caption aligncenter\"><img loading=\"lazy\" decoding=\"async\" class=\"wp-image-1018 size-large\" src=\"https:\/\/ecerfvelee.com\/site\/wp-content\/uploads\/2018\/11\/boutique-pop-up2-1024x768.jpg\" alt=\"\" width=\"525\" height=\"394\" srcset=\"https:\/\/ecerfvelee.com\/site\/wp-content\/uploads\/2018\/11\/boutique-pop-up2-1024x768.jpg 1024w, https:\/\/ecerfvelee.com\/site\/wp-content\/uploads\/2018\/11\/boutique-pop-up2-350x262.jpg 350w, https:\/\/ecerfvelee.com\/site\/wp-content\/uploads\/2018\/11\/boutique-pop-up2-300x225.jpg 300w, https:\/\/ecerfvelee.com\/site\/wp-content\/uploads\/2018\/11\/boutique-pop-up2-768x576.jpg 768w, https:\/\/ecerfvelee.com\/site\/wp-content\/uploads\/2018\/11\/boutique-pop-up2.jpg 1134w\" sizes=\"auto, (max-width: 525px) 100vw, 525px\" \/><figcaption id=\"caption-attachment-1018\" class=\"wp-caption-text\">MASEVAUX Pop up store<\/figcaption><\/figure>\n<p><img loading=\"lazy\" decoding=\"async\" class=\"aligncenter wp-image-973 size-full\" src=\"https:\/\/ecerfvelee.com\/site\/wp-content\/uploads\/2018\/11\/IMG_2023-copy.jpg\" alt=\"\" width=\"800\" height=\"600\" srcset=\"https:\/\/ecerfvelee.com\/site\/wp-content\/uploads\/2018\/11\/IMG_2023-copy.jpg 800w, https:\/\/ecerfvelee.com\/site\/wp-content\/uploads\/2018\/11\/IMG_2023-copy-350x263.jpg 350w, https:\/\/ecerfvelee.com\/site\/wp-content\/uploads\/2018\/11\/IMG_2023-copy-300x225.jpg 300w, https:\/\/ecerfvelee.com\/site\/wp-content\/uploads\/2018\/11\/IMG_2023-copy-768x576.jpg 768w\" sizes=\"auto, (max-width: 767px) 89vw, (max-width: 1000px) 54vw, (max-width: 1071px) 543px, 580px\" \/><\/p>\n<p>Une vitrine de 7 m\u00e8tres sous des arcades, \u00e7a laisse r\u00eaveur.<\/p>\n<p>Il ne reste plus qu&rsquo;\u00e0 d\u00e9m\u00e9nager&#8230; <a href=\"https:\/\/www.facebook.com\/danslavitrine\/\">La Vitrine volante<\/a>, boutique de cr\u00e9ateurs install\u00e9e \u00e0 Mulhouse qui s&rsquo;\u00e9lancera le temps d&rsquo;une journ\u00e9e dans la <a href=\"http:\/\/www.hautes-vosges-alsace.fr\/brochures\/3.Masevaux\/postercartefranais.pdf\">vall\u00e9e de la Doller !<\/a><img loading=\"lazy\" decoding=\"async\" class=\"size-full wp-image-974 aligncenter\" src=\"https:\/\/ecerfvelee.com\/site\/wp-content\/uploads\/2018\/11\/la_vitrine.135750.135756.png\" alt=\"\" width=\"300\" height=\"300\" srcset=\"https:\/\/ecerfvelee.com\/site\/wp-content\/uploads\/2018\/11\/la_vitrine.135750.135756.png 300w, https:\/\/ecerfvelee.com\/site\/wp-content\/uploads\/2018\/11\/la_vitrine.135750.135756-250x250.png 250w, https:\/\/ecerfvelee.com\/site\/wp-content\/uploads\/2018\/11\/la_vitrine.135750.135756-100x100.png 100w, https:\/\/ecerfvelee.com\/site\/wp-content\/uploads\/2018\/11\/la_vitrine.135750.135756-150x150.png 150w\" sizes=\"auto, (max-width: 300px) 100vw, 300px\" \/><\/p>\n<p>Il y aura d&rsquo;autres artistes qui viendront aussi exposer leurs cr\u00e9ations.<\/p>\n<p>L&rsquo;illustratrice <a href=\"http:\/\/coquelicosylvie.wixsite.com\/illusylviekromer\/livre-jeunesse?fbclid=IwAR3gBpMO4i-foOTRhMk5vbVVSifjdMuBOEme02P1NlvpCjVShSI0Daq_BRM\">Sylvie Kromer\u00a0<\/a><span style=\"font-size: 1rem;\">viendra pr\u00e9senter ses albums jeunesses.\u00a0<\/span><\/p>\n<p><img loading=\"lazy\" decoding=\"async\" class=\"wp-image-979 size-full aligncenter\" src=\"https:\/\/ecerfvelee.com\/site\/wp-content\/uploads\/2018\/11\/kromer.jpg\" alt=\"\" width=\"433\" height=\"486\" srcset=\"https:\/\/ecerfvelee.com\/site\/wp-content\/uploads\/2018\/11\/kromer.jpg 433w, https:\/\/ecerfvelee.com\/site\/wp-content\/uploads\/2018\/11\/kromer-350x393.jpg 350w, https:\/\/ecerfvelee.com\/site\/wp-content\/uploads\/2018\/11\/kromer-267x300.jpg 267w\" sizes=\"auto, (max-width: 433px) 100vw, 433px\" \/><\/p>\n<p>Nous aurons le plaisir de d\u00e9couvrir l&rsquo;univers po\u00e9tique de <a href=\"http:\/\/www.firoben-ceramique.fr\/\">Lauriane Firoben<\/a> :<\/p>\n<p><img loading=\"lazy\" decoding=\"async\" class=\"aligncenter wp-image-976 size-full\" src=\"https:\/\/ecerfvelee.com\/site\/wp-content\/uploads\/2018\/11\/FIROBEN-07_bol-solaire.jpg\" alt=\"\" width=\"945\" height=\"631\" srcset=\"https:\/\/ecerfvelee.com\/site\/wp-content\/uploads\/2018\/11\/FIROBEN-07_bol-solaire.jpg 945w, https:\/\/ecerfvelee.com\/site\/wp-content\/uploads\/2018\/11\/FIROBEN-07_bol-solaire-350x234.jpg 350w, https:\/\/ecerfvelee.com\/site\/wp-content\/uploads\/2018\/11\/FIROBEN-07_bol-solaire-300x200.jpg 300w, https:\/\/ecerfvelee.com\/site\/wp-content\/uploads\/2018\/11\/FIROBEN-07_bol-solaire-768x513.jpg 768w\" sizes=\"auto, (max-width: 767px) 89vw, (max-width: 1000px) 54vw, (max-width: 1071px) 543px, 580px\" \/><\/p>\n<p>&nbsp;<\/p>\n<p>Celui de <a href=\"http:\/\/www.arts-ceramiques.org\/nathalie-wetzel-promotion-2015.html\">Nathalie Wetzel:<\/a><\/p>\n<p><img loading=\"lazy\" decoding=\"async\" class=\"aligncenter wp-image-1121 size-full\" src=\"https:\/\/ecerfvelee.com\/site\/wp-content\/uploads\/2018\/11\/wetzel.jpg\" alt=\"\" width=\"696\" height=\"396\" srcset=\"https:\/\/ecerfvelee.com\/site\/wp-content\/uploads\/2018\/11\/wetzel.jpg 696w, https:\/\/ecerfvelee.com\/site\/wp-content\/uploads\/2018\/11\/wetzel-350x199.jpg 350w, https:\/\/ecerfvelee.com\/site\/wp-content\/uploads\/2018\/11\/wetzel-300x171.jpg 300w\" sizes=\"auto, (max-width: 696px) 100vw, 696px\" \/><\/p>\n<p>D\u00e9gustation de tisanes naturelles r\u00e9alis\u00e9es \u00e0 la<a href=\"https:\/\/www.tourisme-alsace.com\/fr\/241000196-Ferme-Auberge-du-Grand-Langenberg.html\"> ferme du Grand Langenberg<\/a> dans les bols en c\u00e9ramiques.<\/p>\n<p>Il y aura encore d&rsquo;autres surprises !<\/p>\n<p>Il faudra attendre encore un peu jusqu&rsquo;au 19\/12 !<\/p>\n","protected":false},"excerpt":{"rendered":"<p>Premier projet de l&rsquo;association, en cours de r\u00e9alisation : cr\u00e9er une boutique \u00e9ph\u00e9m\u00e8re \u00e0 Masevaux. Il faut trouver un bel endroit \u00e0 investir le temps d&rsquo;une journ\u00e9e : cette ancienne boutique de fleurs ? Elle se situe en plein c\u0153ur de Masevaux, dans la rue pi\u00e9tonne. Une vitrine de 7 m\u00e8tres sous des arcades, \u00e7a &hellip; <\/p>\n<p class=\"link-more\"><a href=\"https:\/\/ecerfvelee.com\/site\/2018\/11\/11\/une-boutique-ephemere-a-masevaux\/\" class=\"more-link\">Continuer la lecture<span class=\"screen-reader-text\"> de &laquo;&nbsp;Une boutique \u00e9ph\u00e9m\u00e8re \u00e0 Masevaux&nbsp;&raquo;<\/span><\/a><\/p>\n","protected":false},"author":1,"featured_media":1209,"comment_status":"closed","ping_status":"closed","sticky":false,"template":"","format":"standard","meta":{"footnotes":""},"categories":[23],"tags":[],"class_list":["post-971","post","type-post","status-publish","format-standard","has-post-thumbnail","hentry","category-actus"],"aioseo_notices":[],"_links":{"self":[{"href":"https:\/\/ecerfvelee.com\/site\/wp-json\/wp\/v2\/posts\/971","targetHints":{"allow":["GET"]}}],"collection":[{"href":"https:\/\/ecerfvelee.com\/site\/wp-json\/wp\/v2\/posts"}],"about":[{"href":"https:\/\/ecerfvelee.com\/site\/wp-json\/wp\/v2\/types\/post"}],"author":[{"embeddable":true,"href":"https:\/\/ecerfvelee.com\/site\/wp-json\/wp\/v2\/users\/1"}],"replies":[{"embeddable":true,"href":"https:\/\/ecerfvelee.com\/site\/wp-json\/wp\/v2\/comments?post=971"}],"version-history":[{"count":11,"href":"https:\/\/ecerfvelee.com\/site\/wp-json\/wp\/v2\/posts\/971\/revisions"}],"predecessor-version":[{"id":1123,"href":"https:\/\/ecerfvelee.com\/site\/wp-json\/wp\/v2\/posts\/971\/revisions\/1123"}],"wp:featuredmedia":[{"embeddable":true,"href":"https:\/\/ecerfvelee.com\/site\/wp-json\/wp\/v2\/media\/1209"}],"wp:attachment":[{"href":"https:\/\/ecerfvelee.com\/site\/wp-json\/wp\/v2\/media?parent=971"}],"wp:term":[{"taxonomy":"category","embeddable":true,"href":"https:\/\/ecerfvelee.com\/site\/wp-json\/wp\/v2\/categories?post=971"},{"taxonomy":"post_tag","embeddable":true,"href":"https:\/\/ecerfvelee.com\/site\/wp-json\/wp\/v2\/tags?post=971"}],"curies":[{"name":"wp","href":"https:\/\/api.w.org\/{rel}","templated":true}]}}